{"id":893,"date":"2025-06-21T14:19:50","date_gmt":"2025-06-21T12:19:50","guid":{"rendered":"http:\/\/dr-zieger.de\/New_Weblog\/?p=893"},"modified":"2025-06-24T14:34:10","modified_gmt":"2025-06-24T12:34:10","slug":"mit-dem-fahrrad-zur-vogelphotographie","status":"publish","type":"post","link":"http:\/\/dr-zieger.de\/New_Weblog\/?p=893","title":{"rendered":"Mit dem Fahrrad zur Vogelphotographie"},"content":{"rendered":"\n<p>Viele Naturschutzgebiete sind direkt schlecht mit dem Auto oder dem \u00d6PNV zu erreichen, oder weitl\u00e4ufig, oft liegen interessante Punkte wie Ansitze, Hotspots u.\u00e4. weit auseinander. Abhilfe kann hier das Fahrrad bilden. W\u00e4hrend das Fernglas locker um den Hals baumelt beim Radfahren und kaum st\u00f6rt, ist das mit einem Spektiv und\/oder einer Kamera mit grossem Teleobjektiv anders.&nbsp;<\/p>\n\n\n\n<figure class=\"wp-block-image size-large\"><a href=\"http:\/\/dr-zieger.de\/New_Weblog\/wp-content\/uploads\/2025\/05\/Harpie_9053b983fe70.jpg\"><img loading=\"lazy\" decoding=\"async\" width=\"1024\" height=\"768\" src=\"http:\/\/dr-zieger.de\/New_Weblog\/wp-content\/uploads\/2025\/05\/Harpie_9053b983fe70-1024x768.jpg\" alt=\"\" class=\"wp-image-898\" srcset=\"http:\/\/dr-zieger.de\/New_Weblog\/wp-content\/uploads\/2025\/05\/Harpie_9053b983fe70-1024x768.jpg 1024w, http:\/\/dr-zieger.de\/New_Weblog\/wp-content\/uploads\/2025\/05\/Harpie_9053b983fe70-300x225.jpg 300w, http:\/\/dr-zieger.de\/New_Weblog\/wp-content\/uploads\/2025\/05\/Harpie_9053b983fe70-768x576.jpg 768w, http:\/\/dr-zieger.de\/New_Weblog\/wp-content\/uploads\/2025\/05\/Harpie_9053b983fe70.jpg 1040w\" sizes=\"auto, (max-width: 1024px) 100vw, 1024px\" \/><\/a><\/figure>\n\n\n\n<p>Wie kommt das jetzt mit? Im Rucksack auf dem R\u00fccken ist es am besten gesch\u00fctzt, transportiert man es in einer Satteltasche, liegt der Schwerpunkt deutlich g\u00fcnstiger und man schwitzt nicht am R\u00fccken. Das passt f\u00fcr eine (l\u00e4ngere) Anfahrt zum NSG, nach der man anh\u00e4lt, absteigt, den Radst\u00e4nder aufklappt, die Ausr\u00fcstung hervorholt und nutzt. F\u00fcr kurze Strecken kann man die Kamera in der Hand das Rad schieben. Muss man ein l\u00e4ngeres St\u00fcck vorankommen, packt man halt wieder ein und f\u00e4hrt weiter. Geht, ist aber nicht optimal.&nbsp;<\/p>\n\n\n\n<p>Wie w\u00e4re es mit einem Kamerak\u00f6cher, der um die Schulter geh\u00e4ngt beim Fahren locker neben den tretenden Beinen h\u00e4ngt, hoch genug um nicht zu behindern, tief genug, um die Kamera direkt herausziehen zu k\u00f6nnen \u201eschussbereit\u201c, sobald man zum Stehen gekommen ist, ohne vom Rad absteigen zu m\u00fcssen, Radst\u00e4nder aufklappen, suchen, wo das eben noch gesehene Objekt der Begierde in der Zwischenzeit hin ist?&nbsp;<\/p>\n\n\n\n<p>Dieser Kamerak\u00f6cher sollte f\u00fcr l\u00e4ngere Fahrten abgenommen und als Satteltasche oder auch Rucksack sicherer transportiert werden k\u00f6nnen.&nbsp;<\/p>\n\n\n\n<p>Leider gibt es so ein Produkt nicht. Oder doch?<\/p>\n\n\n\n<figure class=\"wp-block-image size-full\"><a href=\"http:\/\/dr-zieger.de\/New_Weblog\/wp-content\/uploads\/2025\/05\/3_30.jpg.webp\"><img loading=\"lazy\" decoding=\"async\" width=\"938\" height=\"938\" src=\"http:\/\/dr-zieger.de\/New_Weblog\/wp-content\/uploads\/2025\/05\/3_30.jpg.webp\" alt=\"\" class=\"wp-image-900\" srcset=\"http:\/\/dr-zieger.de\/New_Weblog\/wp-content\/uploads\/2025\/05\/3_30.jpg.webp 938w, http:\/\/dr-zieger.de\/New_Weblog\/wp-content\/uploads\/2025\/05\/3_30.jpg-300x300.webp 300w, http:\/\/dr-zieger.de\/New_Weblog\/wp-content\/uploads\/2025\/05\/3_30.jpg-150x150.webp 150w, http:\/\/dr-zieger.de\/New_Weblog\/wp-content\/uploads\/2025\/05\/3_30.jpg-768x768.webp 768w\" sizes=\"auto, (max-width: 938px) 100vw, 938px\" \/><\/a><\/figure>\n\n\n\n<p>Das 2018 gegr\u00fcndete Unternehmen <a href=\"http:\/\/Valkental.com\" data-type=\"link\" data-id=\"https:\/\/valkental.com\" target=\"_blank\" rel=\"noreferrer noopener\">Valkental<\/a> in Monheim am Rhein bietet mit der ValkPro 3in1 Fahrradtasche genau das als hochfunktionales Multitalent an! Dar\u00fcber hinaus soll das Teil auch wasserdicht sein.&nbsp;<\/p>\n\n\n\n<figure class=\"wp-block-image size-full\"><a href=\"http:\/\/dr-zieger.de\/New_Weblog\/wp-content\/uploads\/2025\/05\/Tasche-mit-Stativ_IMG_2129-Kopie-rotated.jpg\"><img loading=\"lazy\" decoding=\"async\" width=\"756\" height=\"1008\" src=\"http:\/\/dr-zieger.de\/New_Weblog\/wp-content\/uploads\/2025\/05\/Tasche-mit-Stativ_IMG_2129-Kopie-rotated.jpg\" alt=\"\" class=\"wp-image-894\" srcset=\"http:\/\/dr-zieger.de\/New_Weblog\/wp-content\/uploads\/2025\/05\/Tasche-mit-Stativ_IMG_2129-Kopie-rotated.jpg 756w, http:\/\/dr-zieger.de\/New_Weblog\/wp-content\/uploads\/2025\/05\/Tasche-mit-Stativ_IMG_2129-Kopie-225x300.jpg 225w\" sizes=\"auto, (max-width: 756px) 100vw, 756px\" \/><\/a><\/figure>\n\n\n\n<p>Da ist jetzt ein grosses Spektiv drin und durch eine Stoffwand getrennt die Kamera mit dem Teleobjektiv. Aussen ist noch Platz und Befestigung f\u00fcr ein Stativ. Ganz sch\u00f6n schwer! Aber die verstellbaren Halterungen f\u00fcr den Gep\u00e4cktr\u00e4ger lassen diese Arbeit das Fahrrad \u00fcbernehmen \ud83d\ude42<\/p>\n\n\n\n<figure class=\"wp-block-image size-full\"><a href=\"http:\/\/dr-zieger.de\/New_Weblog\/wp-content\/uploads\/2025\/05\/Tasche-innen-beides_IMG_2131-Kopie-rotated.jpg\"><img loading=\"lazy\" decoding=\"async\" width=\"756\" height=\"1008\" src=\"http:\/\/dr-zieger.de\/New_Weblog\/wp-content\/uploads\/2025\/05\/Tasche-innen-beides_IMG_2131-Kopie-rotated.jpg\" alt=\"\" class=\"wp-image-895\" srcset=\"http:\/\/dr-zieger.de\/New_Weblog\/wp-content\/uploads\/2025\/05\/Tasche-innen-beides_IMG_2131-Kopie-rotated.jpg 756w, http:\/\/dr-zieger.de\/New_Weblog\/wp-content\/uploads\/2025\/05\/Tasche-innen-beides_IMG_2131-Kopie-225x300.jpg 225w\" sizes=\"auto, (max-width: 756px) 100vw, 756px\" \/><\/a><\/figure>\n\n\n\n<p>Gepolstert ist die Tasche innen, wenn man sie nicht offenh\u00e4lt, h\u00e4lt sie ein kurzer Klettverschluss zu, nat\u00fcrlich nicht belastbar, ist aber nicht offen. Man kann die Tasche oben zurollen und einrasten, dann ist sie auch regendicht.<\/p>\n\n\n\n<figure class=\"wp-block-image size-full\"><a href=\"http:\/\/dr-zieger.de\/New_Weblog\/wp-content\/uploads\/2025\/05\/Tasche-innen-Kamera_IMG_2132-Kopie-rotated.jpg\"><img loading=\"lazy\" decoding=\"async\" width=\"756\" height=\"1008\" src=\"http:\/\/dr-zieger.de\/New_Weblog\/wp-content\/uploads\/2025\/05\/Tasche-innen-Kamera_IMG_2132-Kopie-rotated.jpg\" alt=\"\" class=\"wp-image-896\" srcset=\"http:\/\/dr-zieger.de\/New_Weblog\/wp-content\/uploads\/2025\/05\/Tasche-innen-Kamera_IMG_2132-Kopie-rotated.jpg 756w, http:\/\/dr-zieger.de\/New_Weblog\/wp-content\/uploads\/2025\/05\/Tasche-innen-Kamera_IMG_2132-Kopie-225x300.jpg 225w\" sizes=\"auto, (max-width: 756px) 100vw, 756px\" \/><\/a><\/figure>\n\n\n\n<p>Hat man nur die Kamera dabei, ist diese lose verstaut, hinreichend gut gesch\u00fctzt und kann m\u00fchelos &#8222;gezogen&#8220; werden. Mehr Halt bekommt sie mit einem k\u00fcrzeren Objektivk\u00f6cher bspw. vom 300 er oder so.<\/p>\n\n\n\n<figure class=\"wp-block-image size-large\"><a href=\"http:\/\/dr-zieger.de\/New_Weblog\/wp-content\/uploads\/2025\/06\/Fahrradtasche_IMG_2346-scaled.jpg\"><img loading=\"lazy\" decoding=\"async\" width=\"768\" height=\"1024\" src=\"http:\/\/dr-zieger.de\/New_Weblog\/wp-content\/uploads\/2025\/06\/Fahrradtasche_IMG_2346-768x1024.jpg\" alt=\"\" class=\"wp-image-904\" srcset=\"http:\/\/dr-zieger.de\/New_Weblog\/wp-content\/uploads\/2025\/06\/Fahrradtasche_IMG_2346-768x1024.jpg 768w, http:\/\/dr-zieger.de\/New_Weblog\/wp-content\/uploads\/2025\/06\/Fahrradtasche_IMG_2346-225x300.jpg 225w, http:\/\/dr-zieger.de\/New_Weblog\/wp-content\/uploads\/2025\/06\/Fahrradtasche_IMG_2346-1152x1536.jpg 1152w, http:\/\/dr-zieger.de\/New_Weblog\/wp-content\/uploads\/2025\/06\/Fahrradtasche_IMG_2346-1536x2048.jpg 1536w, http:\/\/dr-zieger.de\/New_Weblog\/wp-content\/uploads\/2025\/06\/Fahrradtasche_IMG_2346-1568x2091.jpg 1568w, http:\/\/dr-zieger.de\/New_Weblog\/wp-content\/uploads\/2025\/06\/Fahrradtasche_IMG_2346-scaled.jpg 1920w\" sizes=\"auto, (max-width: 768px) 100vw, 768px\" \/><\/a><\/figure>\n\n\n\n<p>Nach den ersten Erfahrungen kann man festhalten, das Teil erf\u00fcllt vollst\u00e4ndig die gestellten Anforderungen bislang ohne Einschr\u00e4nkungen. Nat\u00fcrlich kann die Fahrradtasche auch &#8222;normal&#8220; verwendet werden, beispielsweise beim Einkaufen auf dem Wochenmarkt als Trage- oder Umh\u00e4ngetasche. Dann zur\u00fcck ans Rad, soll das doch schleppen!<\/p>\n","protected":false},"excerpt":{"rendered":"<p>Viele Naturschutzgebiete sind direkt schlecht mit dem Auto oder dem \u00d6PNV zu erreichen, oder weitl\u00e4ufig, oft liegen interessante Punkte wie Ansitze, Hotspots u.\u00e4. weit auseinander. Abhilfe kann hier das Fahrrad bilden. W\u00e4hrend das Fernglas locker um den Hals baumelt beim Radfahren und kaum st\u00f6rt, ist das mit einem Spektiv und\/oder einer Kamera mit grossem Teleobjektiv&hellip; <a class=\"more-link\" href=\"http:\/\/dr-zieger.de\/New_Weblog\/?p=893\"><span class=\"screen-reader-text\">Mit dem Fahrrad zur Vogelphotographie<\/span> weiterlesen<\/a><\/p>\n","protected":false},"author":1,"featured_media":0,"comment_status":"open","ping_status":"open","sticky":false,"template":"","format":"standard","meta":{"footnotes":""},"categories":[1,22],"tags":[216,214,69,154,215],"class_list":["post-893","post","type-post","status-publish","format-standard","hentry","category-allgemein","category-ausrustung","tag-fahrrad","tag-fotografie","tag-nsg","tag-technik","tag-transport","entry"],"_links":{"self":[{"href":"http:\/\/dr-zieger.de\/New_Weblog\/index.php?rest_route=\/wp\/v2\/posts\/893","targetHints":{"allow":["GET"]}}],"collection":[{"href":"http:\/\/dr-zieger.de\/New_Weblog\/index.php?rest_route=\/wp\/v2\/posts"}],"about":[{"href":"http:\/\/dr-zieger.de\/New_Weblog\/index.php?rest_route=\/wp\/v2\/types\/post"}],"author":[{"embeddable":true,"href":"http:\/\/dr-zieger.de\/New_Weblog\/index.php?rest_route=\/wp\/v2\/users\/1"}],"replies":[{"embeddable":true,"href":"http:\/\/dr-zieger.de\/New_Weblog\/index.php?rest_route=%2Fwp%2Fv2%2Fcomments&post=893"}],"version-history":[{"count":5,"href":"http:\/\/dr-zieger.de\/New_Weblog\/index.php?rest_route=\/wp\/v2\/posts\/893\/revisions"}],"predecessor-version":[{"id":905,"href":"http:\/\/dr-zieger.de\/New_Weblog\/index.php?rest_route=\/wp\/v2\/posts\/893\/revisions\/905"}],"wp:attachment":[{"href":"http:\/\/dr-zieger.de\/New_Weblog\/index.php?rest_route=%2Fwp%2Fv2%2Fmedia&parent=893"}],"wp:term":[{"taxonomy":"category","embeddable":true,"href":"http:\/\/dr-zieger.de\/New_Weblog\/index.php?rest_route=%2Fwp%2Fv2%2Fcategories&post=893"},{"taxonomy":"post_tag","embeddable":true,"href":"http:\/\/dr-zieger.de\/New_Weblog\/index.php?rest_route=%2Fwp%2Fv2%2Ftags&post=893"}],"curies":[{"name":"wp","href":"https:\/\/api.w.org\/{rel}","templated":true}]}}