{"id":319,"date":"2016-05-19T18:05:35","date_gmt":"2016-05-19T16:05:35","guid":{"rendered":"http:\/\/dr-zieger.de\/cgi-bin\/weblog_basic\/index.php?p=319"},"modified":"2016-05-19T18:05:35","modified_gmt":"2016-05-19T16:05:35","slug":"mindelsee","status":"publish","type":"post","link":"http:\/\/dr-zieger.de\/New_Weblog\/?p=319","title":{"rendered":"Mindelsee"},"content":{"rendered":"<p>Eigentlich war ich fr\u00fchmorgens auf der Suche nach dem in <a href=\"http:\/\/www.ornitho.de\"> Ornitho<\/a> gemeldeten Kuckuck, da ein wirklich sch\u00f6nes Bild von ihm auf meiner Wunschliste stand. Geh\u00f6rt hab ich ihn wohl, allerdings war er unstet und flog rasch weiter, bot also f\u00fcr das Spektiv keine sonderlich g\u00fcnstige Digiskopiergelegenheit.<br \/>\nMusste ich mich halt mit ruhiger sitzenden Exemplaren begn\u00fcgen:<br \/>\n<img decoding=\"async\" src=\"http:\/\/5196532.de.strato-hosting.eu\/cgi-data\/weblog_basic\/uploads\/2016\/05\/baumfalke_dsc1884.jpg\" alt=\"Baumfalke\" title=\"baumfalke_dsc1884\" class=\"alignnone size-full wp-image-320\" \/><br \/>\nEin Baumfalke, aufmerksam, aber furchtlos gut exponiert auf einem kahlen Ast. Sch\u00f6n, die roten &#8222;Hosen&#8220;, auch heller am Bauch als der h\u00e4ufigere Turmfalke.<br \/>\n<img decoding=\"async\" src=\"http:\/\/5196532.de.strato-hosting.eu\/cgi-data\/weblog_basic\/uploads\/2016\/05\/baumfalke_dsc1890.jpg\" alt=\"Sch\u00f6n, die roten &quot;Hosen&quot;\" title=\"baumfalke_dsc1890\" class=\"alignnone size-full wp-image-321\" \/><br \/>\nWenn er nicht so weit weg gewesen w\u00e4re, h\u00e4tten es richtig sch\u00f6ne Bilder werden k\u00f6nnen!<\/p>\n<p>Und dann gab&#8217;s erst mal gem\u00fctliches Fr\u00fchst\u00fcck!<br \/>\n<img decoding=\"async\" src=\"http:\/\/5196532.de.strato-hosting.eu\/cgi-data\/weblog_basic\/uploads\/2016\/05\/blaumeise_futter_dsc6706-kl.jpg\" alt=\"Blaumeise mit Futter\" title=\"blaumeise_futter_dsc6706-kl\" class=\"alignnone size-full wp-image-325\" \/><\/p>\n","protected":false},"excerpt":{"rendered":"<p>Eigentlich war ich fr\u00fchmorgens auf der Suche nach dem in Ornitho gemeldeten Kuckuck, da ein wirklich sch\u00f6nes Bild von ihm auf meiner Wunschliste stand. Geh\u00f6rt hab ich ihn wohl, allerdings war er unstet und flog rasch weiter, bot also f\u00fcr das Spektiv keine sonderlich g\u00fcnstige Digiskopiergelegenheit. Musste ich mich halt mit ruhiger sitzenden Exemplaren begn\u00fcgen:&hellip; <a class=\"more-link\" href=\"http:\/\/dr-zieger.de\/New_Weblog\/?p=319\"><span class=\"screen-reader-text\">Mindelsee<\/span> weiterlesen<\/a><\/p>\n","protected":false},"author":1,"featured_media":0,"comment_status":"open","ping_status":"open","sticky":false,"template":"","format":"standard","meta":{"footnotes":""},"categories":[3],"tags":[111,113,55,112,110,30],"class_list":["post-319","post","type-post","status-publish","format-standard","hentry","category-reiseberichte","tag-baumfalke","tag-blaumeise","tag-bodensee","tag-digiskopie","tag-mindelsee","tag-spektiv","entry"],"_links":{"self":[{"href":"http:\/\/dr-zieger.de\/New_Weblog\/index.php?rest_route=\/wp\/v2\/posts\/319","targetHints":{"allow":["GET"]}}],"collection":[{"href":"http:\/\/dr-zieger.de\/New_Weblog\/index.php?rest_route=\/wp\/v2\/posts"}],"about":[{"href":"http:\/\/dr-zieger.de\/New_Weblog\/index.php?rest_route=\/wp\/v2\/types\/post"}],"author":[{"embeddable":true,"href":"http:\/\/dr-zieger.de\/New_Weblog\/index.php?rest_route=\/wp\/v2\/users\/1"}],"replies":[{"embeddable":true,"href":"http:\/\/dr-zieger.de\/New_Weblog\/index.php?rest_route=%2Fwp%2Fv2%2Fcomments&post=319"}],"version-history":[{"count":4,"href":"http:\/\/dr-zieger.de\/New_Weblog\/index.php?rest_route=\/wp\/v2\/posts\/319\/revisions"}],"predecessor-version":[{"id":326,"href":"http:\/\/dr-zieger.de\/New_Weblog\/index.php?rest_route=\/wp\/v2\/posts\/319\/revisions\/326"}],"wp:attachment":[{"href":"http:\/\/dr-zieger.de\/New_Weblog\/index.php?rest_route=%2Fwp%2Fv2%2Fmedia&parent=319"}],"wp:term":[{"taxonomy":"category","embeddable":true,"href":"http:\/\/dr-zieger.de\/New_Weblog\/index.php?rest_route=%2Fwp%2Fv2%2Fcategories&post=319"},{"taxonomy":"post_tag","embeddable":true,"href":"http:\/\/dr-zieger.de\/New_Weblog\/index.php?rest_route=%2Fwp%2Fv2%2Ftags&post=319"}],"curies":[{"name":"wp","href":"https:\/\/api.w.org\/{rel}","templated":true}]}}